{"id":2550,"date":"2025-01-23T09:55:18","date_gmt":"2025-01-23T08:55:18","guid":{"rendered":"https:\/\/www.rubisocial.cat\/?p=2550"},"modified":"2025-01-23T09:55:18","modified_gmt":"2025-01-23T08:55:18","slug":"el-derecho-al-acompanamiento-afectivo-una-nueva-esperanza-para-combatir-la-soledad-no-deseada","status":"publish","type":"post","link":"https:\/\/www.rubisocial.cat\/es\/2025\/01\/23\/el-derecho-al-acompanamiento-afectivo-una-nueva-esperanza-para-combatir-la-soledad-no-deseada\/","title":{"rendered":"El derecho al acompa\u00f1amiento afectivo: una nueva esperanza para combatir la soledad no deseada\u00a0"},"content":{"rendered":"<p style=\"margin-top: 24.0pt; mso-pagination: widow-orphan; page-break-after: auto;\"><span style=\"font-size: 14px;\">En las \u00faltimas semanas de 2024, el <\/span><b style=\"font-size: 14px;\">reconocimiento del Derecho al Acompa\u00f1amiento Afectivo<\/b> <b style=\"font-size: 14px;\">(DA+)<\/b><span style=\"font-size: 14px;\"> ha cogido un impulso determinante hacia su establecimiento definitivo en nuestra sociedad.<\/span><\/p>\n<p><span lang=\"es\">En un mundo cada vez m\u00e1s <b style=\"mso-bidi-font-weight: normal;\">interconectado<\/b>, parad\u00f3jicamente, <b style=\"mso-bidi-font-weight: normal;\">la soledad sigue siendo una de las mayores epidemias sociales<\/b> de nuestra \u00e9poca.<\/span><\/p>\n<p><span lang=\"es\">Este problema no discrimina por edad, pero afecta de manera especialmente profunda a las personas mayores, quienes muchas veces enfrentan el <a href=\"https:\/\/www.rubisocial.cat\/es\/2023\/11\/16\/relaciones-intergeneracionales-fortaleciendo-nuestro-tejido-social\/\"><span style=\"color: #1155cc;\">aislamiento social como una constante en su vida diaria<\/span><\/a>.<\/span><\/p>\n<p><span lang=\"es\">Frente a esta realidad, el reconocimiento del <b style=\"mso-bidi-font-weight: normal;\">Derecho al Acompa\u00f1amiento Afectivo (DA+)<\/b> representa una luz de esperanza y un paso hist\u00f3rico hacia una sociedad m\u00e1s justa y afectiva.<\/span><\/p>\n<p><b style=\"mso-bidi-font-weight: normal;\"><span lang=\"es\" style=\"font-size: 17.0pt; line-height: 115%;\">\u00bfQu\u00e9 es el derecho al acompa\u00f1amiento afectivo?<\/span><\/b><\/p>\n<p><span lang=\"es\">El DA+ es un concepto innovador promovido por la <a href=\"https:\/\/www.sombase.org\/es_ES\/\"><b style=\"mso-bidi-font-weight: normal;\"><span style=\"color: #1155cc;\">asociaci\u00f3n Som Base<\/span><\/b><\/a>, una organizaci\u00f3n de voluntarios que, desde 2019, ha trabajado incansablemente para convertir la lucha contra la soledad en una pol\u00edtica social efectiva.<\/span><\/p>\n<p><span lang=\"es\">La idea central del DA+ es sencilla pero poderosa: todas las personas tienen derecho a interactuar con otros, a ser tratadas con afecto y a disfrutar de relaciones interpersonales que promuevan su bienestar.<\/span><\/p>\n<p><span lang=\"es\">Seg\u00fan <b style=\"mso-bidi-font-weight: normal;\">Mau Blancafort, abogado y coordinador de Som Base<\/b>, \u201cel DA+ no solo combate la soledad, sino que refuerza nuestra esencia como seres humanos: la necesidad de conectar y cuidar a los dem\u00e1s\u201d.<\/span><\/p>\n<p><span lang=\"es\">Este derecho aspira a convertirse en un Derecho Humano Universal reconocido por la ONU, consolid\u00e1ndose como una herramienta jur\u00eddica para garantizar que ninguna persona tenga que enfrentar el aislamiento social de manera forzosa.<\/span><\/p>\n<p><img decoding=\"async\" class=\"aligncenter wp-image-2543 size-large\" src=\"https:\/\/www.rubisocial.cat\/wp-content\/uploads\/2025\/01\/somsb-1024x768.jpg\" alt=\"\" width=\"840\" height=\"630\" srcset=\"https:\/\/www.rubisocial.cat\/wp-content\/uploads\/2025\/01\/somsb-1024x768.jpg 1024w, https:\/\/www.rubisocial.cat\/wp-content\/uploads\/2025\/01\/somsb-300x225.jpg 300w, https:\/\/www.rubisocial.cat\/wp-content\/uploads\/2025\/01\/somsb-768x576.jpg 768w, https:\/\/www.rubisocial.cat\/wp-content\/uploads\/2025\/01\/somsb-1536x1152.jpg 1536w, https:\/\/www.rubisocial.cat\/wp-content\/uploads\/2025\/01\/somsb-350x263.jpg 350w, https:\/\/www.rubisocial.cat\/wp-content\/uploads\/2025\/01\/somsb.jpg 2048w\" sizes=\"(max-width: 840px) 100vw, 840px\" \/><\/p>\n<h2 style=\"margin-bottom: 4.0pt; mso-pagination: widow-orphan; page-break-after: auto;\"><b style=\"mso-bidi-font-weight: normal;\"><span lang=\"es\" style=\"font-size: 17.0pt; line-height: 115%;\">El impacto de la soledad en las personas mayores<\/span><\/b><\/h2>\n<p><span lang=\"es\">La <b style=\"mso-bidi-font-weight: normal;\">soledad no deseada afecta de manera alarmante a las personas mayores<\/b>.<\/span><\/p>\n<p><span lang=\"es\">En Espa\u00f1a, seg\u00fan la Encuesta Continua de Hogares del INE, <b style=\"mso-bidi-font-weight: normal;\">m\u00e1s de 2 millones de personas mayores de 65 a\u00f1os viven solas.<\/b><\/span><\/p>\n<p><span lang=\"es\">Este aislamiento no solo tiene <b style=\"mso-bidi-font-weight: normal;\">consecuencias emocionales<\/b>, sino tambi\u00e9n <b style=\"mso-bidi-font-weight: normal;\">f\u00edsicas<\/b>. As\u00ed, numerosos estudios han demostrado que <a href=\"https:\/\/www.rubisocial.cat\/es\/2024\/11\/28\/afrontando-el-duelo-apoyo-emocional-para-residentes-y-familias-en-momentos-dificiles\/\"><b style=\"mso-bidi-font-weight: normal;\"><span style=\"color: #1155cc;\">la soledad incrementa el riesgo de enfermedades cr\u00f3nicas, deterioro cognitivo y depresi\u00f3n<\/span><\/b><\/a>.<\/span><\/p>\n<p><span lang=\"es\">En el contexto de una <b style=\"mso-bidi-font-weight: normal;\">residencia de ancianos<\/b>, este derecho tiene un significado a\u00fan m\u00e1s profundo.<\/span><\/p>\n<p><span lang=\"es\">Aqu\u00ed, el DA+ no solo se traduce en la posibilidad de que los residentes reciban visitas o mantengan contacto con sus seres queridos, sino tambi\u00e9n en la creaci\u00f3n de un entorno donde las relaciones afectivas sean parte integral de la vida cotidiana.<\/span><\/p>\n<p><span lang=\"es\">Desde el personal de cuidado hasta los compa\u00f1eros residentes, todos pueden formar parte de una <a href=\"https:\/\/www.rubisocial.cat\/es\/2024\/06\/20\/celebramos-25-anos-de-atencion-y-cuidado-a-nuestros-mayores\/\"><span style=\"color: #1155cc;\">red de apoyo que mitigue la soledad y promueva el bienestar<\/span><\/a>.<\/span><\/p>\n<h2 style=\"margin-bottom: 4.0pt; mso-pagination: widow-orphan; page-break-after: auto;\"><b style=\"mso-bidi-font-weight: normal;\"><span lang=\"es\" style=\"font-size: 17.0pt; line-height: 115%;\">La aprobaci\u00f3n en el Senado<\/span><\/b><\/h2>\n<p><span lang=\"es\">El Senado espa\u00f1ol ha aprobado por unanimidad la moci\u00f3n que insta al Gobierno a reconocer el DA+.<\/span><\/p>\n<p><span lang=\"es\">Este derecho busca garantizar que todas las personas tengan la posibilidad de relacionarse, de recibir afecto y de disfrutar del acompa\u00f1amiento de otros individuos de manera libre, respetuosa y consentida.<\/span><\/p>\n<p><span lang=\"es\">Esta medida no solo aborda la soledad no deseada, sino que tambi\u00e9n subraya la importancia del contacto humano como un elemento fundamental para el bienestar emocional y f\u00edsico.<\/span><\/p>\n<h3 style=\"margin-top: 14.0pt; mso-pagination: widow-orphan; page-break-after: auto;\"><a name=\"_z6nl0yf3mg0k\"><\/a><b style=\"mso-bidi-font-weight: normal;\"><span lang=\"es\" style=\"font-size: 13.0pt; line-height: 115%; color: black;\">Avances en el reconocimiento del DA+<\/span><\/b><\/h3>\n<p><span lang=\"es\">El camino hacia el reconocimiento del DA+ ha estado marcado por importantes <b style=\"mso-bidi-font-weight: normal;\">hitos<\/b>.<\/span><\/p>\n<p><span lang=\"es\">En 2021, se aprob\u00f3 una Proposici\u00f3n No de Ley (PNL) en el Congreso de Diputados con una amplia mayor\u00eda, y municipios como Barcelona, Girona y Sabadell han emitido declaraciones institucionales de apoyo.<\/span><\/p>\n<p><span lang=\"es\">Adem\u00e1s, entidades como Amics de la Gent Gran, C\u00e1ritas y la Cruz Roja han colaborado activamente en la promoci\u00f3n de este derecho.<\/span><\/p>\n<p><span lang=\"es\">El consenso pol\u00edtico alcanzado en el Senado demuestra que <b style=\"mso-bidi-font-weight: normal;\">el DA+ trasciende ideolog\u00edas<\/b>.<\/span><\/p>\n<p><span lang=\"es\">Como explica Blancafort, \u201cla soledad no deseada afecta a millones de personas, y el DA+ es un derecho fundamental que nos une en la construcci\u00f3n de una sociedad m\u00e1s solidaria\u201d.<\/span><\/p>\n<p><span lang=\"es\">La iniciativa tambi\u00e9n ha inspirado acciones internacionales, con <b style=\"mso-bidi-font-weight: normal;\">Som Base trabajando para llevar el DA+ al Parlamento Europeo y, eventualmente, a la ONU.<\/b><\/span><\/p>\n<p><b style=\"mso-bidi-font-weight: normal;\"><span lang=\"es\" style=\"font-size: 17.0pt; line-height: 115%;\">El papel de las residencias de mayores<img decoding=\"async\" class=\"alignright size-medium wp-image-2545\" src=\"https:\/\/www.rubisocial.cat\/wp-content\/uploads\/2025\/01\/hand-3699825_640-278x300.jpg\" alt=\"\" width=\"278\" height=\"300\" srcset=\"https:\/\/www.rubisocial.cat\/wp-content\/uploads\/2025\/01\/hand-3699825_640-278x300.jpg 278w, https:\/\/www.rubisocial.cat\/wp-content\/uploads\/2025\/01\/hand-3699825_640-350x378.jpg 350w, https:\/\/www.rubisocial.cat\/wp-content\/uploads\/2025\/01\/hand-3699825_640.jpg 592w\" sizes=\"(max-width: 278px) 100vw, 278px\" \/><\/span><\/b><\/p>\n<p><span lang=\"es\">Las residencias de ancianos, como El Cel Rub\u00ed, tenemos un <b style=\"mso-bidi-font-weight: normal;\">papel clave en la implementaci\u00f3n del DA+.<\/b><\/span><\/p>\n<p><span lang=\"es\">Ofrecemos, adem\u00e1s de un espacio f\u00edsico para vivir, la posibilidad de <a href=\"https:\/\/www.rubisocial.cat\/es\/2024\/09\/26\/celebrando-hitos-cumpleanos-aniversarios-y-eventos-especiales\/\"><span style=\"color: #1155cc;\">construir una comunidad donde los residentes puedan interactuar, compartir experiencias y formar lazos afectivos<\/span><\/a>.<\/span><\/p>\n<p><span lang=\"es\">Incorporar el DA+ en las pol\u00edticas y pr\u00e1cticas de las residencias marca una gran diferencia en la calidad de vida de las personas mayores.<\/span><\/p>\n<p><span lang=\"es\">En este sentido, como residencia podemos:<\/span><\/p>\n<p><span lang=\"es\">\u00b7<\/span><span lang=\"es\" style=\"font-size: 7.0pt; line-height: 115%; font-family: 'Times New Roman','serif'; mso-fareast-font-family: 'Times New Roman';\"><span style=\"mso-spacerun: yes;\">\u00a0\u00a0\u00a0\u00a0\u00a0\u00a0\u00a0\u00a0 <\/span><\/span><b style=\"mso-bidi-font-weight: normal;\"><span lang=\"es\">Fomentar la conexi\u00f3n social<\/span><\/b><span lang=\"es\">: Organizando actividades grupales, talleres y eventos que promuevan la interacci\u00f3n entre los residentes y con la comunidad.<\/span><\/p>\n<p><span lang=\"es\">\u00b7<\/span><span lang=\"es\" style=\"font-size: 7.0pt; line-height: 115%; font-family: 'Times New Roman','serif'; mso-fareast-font-family: 'Times New Roman';\"><span style=\"mso-spacerun: yes;\">\u00a0\u00a0\u00a0\u00a0\u00a0\u00a0\u00a0\u00a0 <\/span><\/span><b style=\"mso-bidi-font-weight: normal;\"><span lang=\"es\">Capacitar al personal<\/span><\/b><span lang=\"es\">: Proporcionar formaci\u00f3n sobre la importancia del acompa\u00f1amiento afectivo, para que el personal pueda ofrecer un cuidado que trascienda lo f\u00edsico y se enfoque tambi\u00e9n en el bienestar emocional.<\/span><\/p>\n<p><span lang=\"es\">\u00b7<\/span><span lang=\"es\" style=\"font-size: 7.0pt; line-height: 115%; font-family: 'Times New Roman','serif'; mso-fareast-font-family: 'Times New Roman';\"><span style=\"mso-spacerun: yes;\">\u00a0\u00a0\u00a0\u00a0\u00a0\u00a0\u00a0\u00a0 <\/span><\/span><b style=\"mso-bidi-font-weight: normal;\"><span lang=\"es\">Facilitar el contacto<\/span><\/b><span lang=\"es\"> <b style=\"mso-bidi-font-weight: normal;\">familiar<\/b>: Establecer horarios flexibles de visitas y utilizar tecnolog\u00eda para mantener el contacto con familiares lejanos.<\/span><\/p>\n<p><span lang=\"es\">\u00b7<\/span><span lang=\"es\" style=\"font-size: 7.0pt; line-height: 115%; font-family: 'Times New Roman','serif'; mso-fareast-font-family: 'Times New Roman';\"><span style=\"mso-spacerun: yes;\">\u00a0\u00a0\u00a0\u00a0\u00a0\u00a0\u00a0\u00a0 <\/span><\/span><b style=\"mso-bidi-font-weight: normal;\"><span lang=\"es\">Colaborar con voluntarios<\/span><\/b><span lang=\"es\">: Integrar programas de voluntariado que permitan a personas externas brindar acompa\u00f1amiento a los residentes.<\/span><\/p>\n<p><b style=\"mso-bidi-font-weight: normal;\"><span lang=\"es\" style=\"font-size: 13.0pt; line-height: 115%; color: black;\">Un cambio de paradigma: de la soledad al acompa\u00f1amiento<\/span><\/b><\/p>\n<p><span lang=\"es\">El DA+ nos invita a cambiar nuestra perspectiva sobre la soledad.<\/span><\/p>\n<p><span lang=\"es\">En lugar de centrarnos en el problema, <b style=\"mso-bidi-font-weight: normal;\">este derecho nos impulsa a enfocarnos en la soluci\u00f3n:<\/b> el <b style=\"mso-bidi-font-weight: normal;\">acompa\u00f1amiento<\/b>. Esto implica no solo garantizar que las personas no est\u00e9n solas, sino tambi\u00e9n crear un entorno donde puedan disfrutar de relaciones significativas y afectuosas.<\/span><\/p>\n<p><span lang=\"es\">Para las residencias de mayores, esto puede significar un cambio cultural que <a href=\"https:\/\/www.rubisocial.cat\/es\/2024\/04\/18\/familias-cuidadoras-cuidar-seres-queridos-en-casa\/\"><span style=\"color: #1155cc;\">priorice el bienestar emocional de los residentes tanto como su salud f\u00edsica<\/span><\/a>. Al adoptar el DA+, estas instituciones pueden convertirse en verdaderos modelos de inclusi\u00f3n y cuidado afectivo.<\/span><\/p>\n<h2 style=\"margin-bottom: 4.0pt; mso-pagination: widow-orphan; page-break-after: auto;\"><b style=\"mso-bidi-font-weight: normal;\"><span lang=\"es\" style=\"font-size: 17.0pt; line-height: 115%;\">El futuro del DA+<\/span><\/b><\/h2>\n<p><span lang=\"es\">Con la <b style=\"mso-bidi-font-weight: normal;\">aprobaci\u00f3n del DA+ en el Senado<\/b>, el siguiente paso es desarrollar un <b style=\"mso-bidi-font-weight: normal;\">plan de acci\u00f3n que garantice su aplicaci\u00f3n efectiva.<\/b><\/span><\/p>\n<p><span lang=\"es\">Esto incluir\u00e1 medidas concretas como la <b style=\"mso-bidi-font-weight: normal;\">asignaci\u00f3n de recursos<\/b> para programas de acompa\u00f1amiento, la creaci\u00f3n de <b style=\"mso-bidi-font-weight: normal;\">marcos jur\u00eddicos <\/b>que protejan este derecho y la <b style=\"mso-bidi-font-weight: normal;\">colaboraci\u00f3n <\/b>con entidades sociales y gobiernos locales.<\/span><\/p>\n<p><span lang=\"es\">Adem\u00e1s, la internacionalizaci\u00f3n del DA+ podr\u00eda abrir <b style=\"mso-bidi-font-weight: normal;\">nuevas oportunidades para abordar la soledad no deseada a nivel global.<\/b><\/span><\/p>\n<p><span lang=\"es\">La pandemia de COVID-19, especialmente, ha demostrado cu\u00e1n urgente es esta causa, y el DA+ ofrece una soluci\u00f3n esperanzadora que podr\u00eda transformar la vida de millones de personas.<\/span><\/p>\n<h2 style=\"margin-bottom: 4.0pt; mso-pagination: widow-orphan; page-break-after: auto;\"><b style=\"mso-bidi-font-weight: normal;\"><span lang=\"es\" style=\"font-size: 17.0pt; line-height: 115%;\">Fomentar el bienestar en edad avanzada<\/span><\/b><\/h2>\n<p><span lang=\"es\">El <b style=\"mso-bidi-font-weight: normal;\">reconocimiento del Derecho al Acompa\u00f1amiento Afectivo<\/b> es un recordatorio poderoso de que las pol\u00edticas sociales pueden y deben centrarse en el bienestar humano.<\/span><\/p>\n<p><span lang=\"es\">En el contexto de una residencia de ancianos, este derecho no solo es una oportunidad para mejorar la calidad de vida de los residentes, sino tambi\u00e9n una invitaci\u00f3n a repensar c\u00f3mo construimos comunidades m\u00e1s afectivas y solidarias.<\/span><\/p>\n<p><span lang=\"es\">La <b style=\"mso-bidi-font-weight: normal;\">soledad no deseada puede ser combatida<\/b>, y el <b style=\"mso-bidi-font-weight: normal;\">DA+ nos muestra el camino para hacerlo<\/b>.<\/span><\/p>\n<p><span lang=\"es\">Es un llamado a la acci\u00f3n para que, juntos, garanticemos que nadie tenga que enfrentar la vida en soledad. Porque, al final del d\u00eda, todos merecemos sentirnos acompa\u00f1ados, valorados y amados.<\/span><\/p>\n","protected":false},"excerpt":{"rendered":"<p>En las \u00faltimas semanas de 2024, el reconocimiento del Derecho al Acompa\u00f1amiento Afectivo (DA+) ha cogido un impulso determinante hacia [&hellip;]<\/p>\n","protected":false},"author":2,"featured_media":2541,"comment_status":"closed","ping_status":"closed","sticky":false,"template":"","format":"standard","meta":{"_mi_skip_tracking":false,"_exactmetrics_sitenote_active":false,"_exactmetrics_sitenote_note":"","_exactmetrics_sitenote_category":0},"categories":[10],"tags":[68,154,188,219,262,263],"_links":{"self":[{"href":"https:\/\/www.rubisocial.cat\/es\/wp-json\/wp\/v2\/posts\/2550"}],"collection":[{"href":"https:\/\/www.rubisocial.cat\/es\/wp-json\/wp\/v2\/posts"}],"about":[{"href":"https:\/\/www.rubisocial.cat\/es\/wp-json\/wp\/v2\/types\/post"}],"author":[{"embeddable":true,"href":"https:\/\/www.rubisocial.cat\/es\/wp-json\/wp\/v2\/users\/2"}],"replies":[{"embeddable":true,"href":"https:\/\/www.rubisocial.cat\/es\/wp-json\/wp\/v2\/comments?post=2550"}],"version-history":[{"count":1,"href":"https:\/\/www.rubisocial.cat\/es\/wp-json\/wp\/v2\/posts\/2550\/revisions"}],"predecessor-version":[{"id":2554,"href":"https:\/\/www.rubisocial.cat\/es\/wp-json\/wp\/v2\/posts\/2550\/revisions\/2554"}],"wp:featuredmedia":[{"embeddable":true,"href":"https:\/\/www.rubisocial.cat\/es\/wp-json\/wp\/v2\/media\/2541"}],"wp:attachment":[{"href":"https:\/\/www.rubisocial.cat\/es\/wp-json\/wp\/v2\/media?parent=2550"}],"wp:term":[{"taxonomy":"category","embeddable":true,"href":"https:\/\/www.rubisocial.cat\/es\/wp-json\/wp\/v2\/categories?post=2550"},{"taxonomy":"post_tag","embeddable":true,"href":"https:\/\/www.rubisocial.cat\/es\/wp-json\/wp\/v2\/tags?post=2550"}],"curies":[{"name":"wp","href":"https:\/\/api.w.org\/{rel}","templated":true}]}}