{"id":2610,"date":"2025-04-30T12:21:20","date_gmt":"2025-04-30T10:21:20","guid":{"rendered":"https:\/\/www.rubisocial.cat\/?p=2610"},"modified":"2025-04-30T12:21:20","modified_gmt":"2025-04-30T10:21:20","slug":"tradiciones-catalanas-en-la-tercera-edad-manteniendo-vivas-nuestras-raices","status":"publish","type":"post","link":"https:\/\/www.rubisocial.cat\/es\/2025\/04\/30\/tradiciones-catalanas-en-la-tercera-edad-manteniendo-vivas-nuestras-raices\/","title":{"rendered":"Tradiciones catalanas en la tercera edad: manteniendo vivas nuestras ra\u00edces"},"content":{"rendered":"<p><span style=\"font-weight: 400;\">La <\/span><b>transmisi\u00f3n de valores y tradiciones catalanas en la tercera edad<\/b><span style=\"font-weight: 400;\"> es una parte importante de la cultura y la identidad de una persona y de la comunidad que nos rodea a diario.\u00a0<\/span><\/p>\n<p><span style=\"font-weight: 400;\">A medida que las personas mayores envejecen, es importante implicarlas y que tengan un papel importante en la <\/span><b>preservaci\u00f3n de estas tradiciones<\/b><span style=\"font-weight: 400;\"> y en <\/span><b>la transmisi\u00f3n de valores familiares<\/b><span style=\"font-weight: 400;\"> a las generaciones m\u00e1s j\u00f3venes.\u00a0<\/span><\/p>\n<p><span style=\"font-weight: 400;\">En Catalu\u00f1a, las tradiciones no son simplemente recuerdos del pasado, sino un <\/span><b>legado vivo<\/b><span style=\"font-weight: 400;\"> que <\/span><a href=\"https:\/\/www.rubisocial.cat\/es\/2024\/12\/19\/juegos-y-entretenimiento-estimular-la-mente-y-fomentar-la-diversion-en-personas-mayores-y-residencias\/\"><span style=\"font-weight: 400;\">nos conecta con nuestras ra\u00edces, nuestra cultura y nuestra identidad colectiva<\/span><\/a><span style=\"font-weight: 400;\">.\u00a0<\/span><\/p>\n<p><span style=\"font-weight: 400;\">Para las personas mayores, especialmente en una <\/span><b>residencia de la tercera edad<\/b><span style=\"font-weight: 400;\">, estas tradiciones tienen un <\/span><b>valor a\u00fan m\u00e1s profundo<\/b><span style=\"font-weight: 400;\">: ofrecen un puente emocional con la infancia, la familia, y con una manera de vivir que marc\u00f3 generaciones.\u00a0<\/span><\/p>\n<p><span style=\"font-weight: 400;\">Preservarlas y celebrarlas no solo honra la historia, sino que tambi\u00e9n fortalece el presente.<\/span><\/p>\n<h2><span style=\"font-weight: 400;\">La importancia de las tradiciones en la tercera edad<\/span><\/h2>\n<p><span style=\"font-weight: 400;\">Para una persona mayor, las tradiciones no son solo celebraciones o eventos.\u00a0<\/span><\/p>\n<p><span style=\"font-weight: 400;\">Son recuerdos de familia, de comunidad, de momentos compartidos que construyeron su identidad. Cuando se celebran fiestas como la <\/span><b>Castanyada o el D\u00eda de Sant Jordi,<\/b><span style=\"font-weight: 400;\"> no solo se revive una tradici\u00f3n, <\/span><a href=\"https:\/\/www.rubisocial.cat\/es\/2025\/01\/23\/el-derecho-al-acompanamiento-afectivo-una-nueva-esperanza-para-combatir-la-soledad-no-deseada\/\"><span style=\"font-weight: 400;\">tambi\u00e9n se despiertan memorias, se activa la mente y se refuerzan v\u00ednculos sociales<\/span><\/a><span style=\"font-weight: 400;\">.<\/span><\/p>\n<p><span style=\"font-weight: 400;\">Adem\u00e1s, <\/span><a href=\"https:\/\/www.rubisocial.cat\/es\/2024\/09\/26\/celebrando-hitos-cumpleanos-aniversarios-y-eventos-especiales\/\"><span style=\"font-weight: 400;\">participar en estos eventos favorece el bienestar emocional<\/span><\/a><span style=\"font-weight: 400;\">. En una residencia, donde los ritmos de vida pueden volverse rutinarios, mantener una agenda cultural basada en tradiciones aut\u00f3ctonas aporta dinamismo, alegr\u00eda y sentido de pertenencia.<\/span><\/p>\n<p><span style=\"font-weight: 400;\">En este art\u00edculo, queremos rendir homenaje a todas aquellas <\/span><b>costumbres catalanas que siguen latiendo con fuerza en los corazones de nuestros mayores<\/b><span style=\"font-weight: 400;\">.\u00a0<\/span><\/p>\n<p><span style=\"font-weight: 400;\">Tradiciones que, aunque puedan adaptarse al paso del tiempo, no pierden su esencia. Desde las fiestas populares hasta las peque\u00f1as costumbres cotidianas, son muchas las formas en que nuestros residentes mantienen vivas sus ra\u00edces.<\/span><\/p>\n<p><img decoding=\"async\" class=\"alignright size-medium wp-image-2611\" src=\"https:\/\/www.rubisocial.cat\/wp-content\/uploads\/2025\/04\/86535601-027f-497d-857f-7f87f65001a2-225x300.jpg\" alt=\"\" width=\"225\" height=\"300\" srcset=\"https:\/\/www.rubisocial.cat\/wp-content\/uploads\/2025\/04\/86535601-027f-497d-857f-7f87f65001a2-225x300.jpg 225w, https:\/\/www.rubisocial.cat\/wp-content\/uploads\/2025\/04\/86535601-027f-497d-857f-7f87f65001a2-350x467.jpg 350w, https:\/\/www.rubisocial.cat\/wp-content\/uploads\/2025\/04\/86535601-027f-497d-857f-7f87f65001a2.jpg 768w\" sizes=\"(max-width: 225px) 100vw, 225px\" \/><\/p>\n<h3><span style=\"font-weight: 400;\">La Castanyada: olor a oto\u00f1o y calidez familiar<\/span><\/h3>\n<p><span style=\"font-weight: 400;\">Una de las fiestas m\u00e1s queridas por nuestros residentes es la Castanyada, que se celebra entre el 31 de octubre y el 1 de noviembre. Esta tradici\u00f3n de origen pagano se ha mantenido muy viva, y en la residencia se celebra con entusiasmo: se asan <\/span><b>casta\u00f1as y boniatos<\/b><span style=\"font-weight: 400;\">, se preparan panellets durante los d\u00edas previos a la festividad, se cuentan historias de <\/span><b>Todos los Santos<\/b><span style=\"font-weight: 400;\">, y se recuerdan tiempos en que las familias se reun\u00edan frente al fuego.\u00a0<\/span><\/p>\n<p><span style=\"font-weight: 400;\">Muchos de nuestros mayores recuerdan con nostalgia cuando, de ni\u00f1os, ayudaban a preparar los panellets en casa. Repetir estas actividades en la residencia no solo los reconecta con esos recuerdos, sino que les permite compartirlos con las nuevas generaciones y con el personal que los cuida.<\/span><\/p>\n<p><span style=\"font-weight: 400;\">Tambi\u00e9n <\/span><b>se decora la residencia<\/b><span style=\"font-weight: 400;\"> de acuerdo con la festividad de \u201c<\/span><b>Halloween<\/b><span style=\"font-weight: 400;\">\u201d, que a d\u00eda de hoy se tiene m\u00e1s presente que antes; cuando nuestros residentes eran j\u00f3venes, esta festividad no se realizaba, pero poco a poco ha ido llegando y afianz\u00e1ndose.<\/span><\/p>\n<h3><span style=\"font-weight: 400;\">A disfrazarse por Carnaval<\/span><\/h3>\n<p><span style=\"font-weight: 400;\">En Carnaval, durante toda la semana, creamos consignas que se tienen que ir cumpliendo, y finalmente el viernes de dicha semana <\/span><a href=\"https:\/\/www.instagram.com\/stories\/highlights\/17983960775700474\/\"><span style=\"font-weight: 400;\">celebramos el d\u00eda de Carnaval<\/span><\/a><span style=\"font-weight: 400;\"> con todos los familiares y con fiesta con el resto de usuarios del centro.\u00a0<\/span><\/p>\n<p><span style=\"font-weight: 400;\">El disfraz lo vayamos haciendo durante las semanas antes de Carnestoltes, haciendo as\u00ed que participen todos los residentes del centro.<\/span><\/p>\n<h3><span style=\"font-weight: 400;\">Sant Jordi: amor, cultura y rosas en flor<\/span><\/h3>\n<p><span style=\"font-weight: 400;\">El 23 de abril se celebra en Catalu\u00f1a el <\/span><b>D\u00eda de Sant Jordi<\/b><span style=\"font-weight: 400;\">, patr\u00f3n de Catalu\u00f1a. Esta jornada tan especial une dos elementos preciosos: el <\/span><b>amor y la cultura<\/b><span style=\"font-weight: 400;\">. Tradicionalmente, los hombres regalan rosas a las mujeres, y ellas libros a ellos, aunque hoy en d\u00eda todos regalamos de todo.<\/span><\/p>\n<p><span style=\"font-weight: 400;\">En el <\/span><b>Cel de Rub\u00ed,<\/b><span style=\"font-weight: 400;\"> el <\/span><b>d\u00eda de Sant Jordi se vive con emoci\u00f3n<\/b><span style=\"font-weight: 400;\">. Se decoran los espacios con rosas rojas, se organizan recitales de poes\u00eda, lecturas de fragmentos literarios y talleres de escritura. Muchos residentes a\u00fan conservan libros antiguos o rosas secas de a\u00f1os anteriores, peque\u00f1os tesoros que remiten a d\u00e9cadas de celebraciones.<\/span><\/p>\n<p><span style=\"font-weight: 400;\">Adem\u00e1s, en Sant Jordi <\/span><b>nos desplazamos al centro de nuestra ciudad<\/b><span style=\"font-weight: 400;\"> para poder vivir el d\u00eda del libro y de las rosas. Es un d\u00eda sin duda muy especial para nuestros residentes, puesto que pasamos una jornada de lo m\u00e1s amena con el resto de usuarios y con sus familiares, participando con el comercio de proximidad y local.<\/span><\/p>\n<p><span style=\"font-weight: 400;\">Posteriormente, en <\/span><b>mayo<\/b><span style=\"font-weight: 400;\">, coincidiendo con el inicio de la primavera, <\/span><b>decoramos la residencia<\/b> <b>con flores coloridas<\/b><span style=\"font-weight: 400;\">, para poder aproximarnos a la tradici\u00f3n de \u00abtiempo de flores\u00bb, donde nuestros residentes participan en la decoraci\u00f3n de las diferentes salas.\u00a0<\/span><\/p>\n<h3><span style=\"font-weight: 400;\">El pesebre y la Navidad\u00a0<\/span><\/h3>\n<p><span style=\"font-weight: 400;\">La <\/span><b>Navidad tiene un sabor especial en Catalu\u00f1a<\/b><span style=\"font-weight: 400;\">. M\u00e1s all\u00e1 de las cosas comunes a otras culturas, hay elementos \u00fanicos que muchos de nuestros residentes han vivido con entusiasmo, como el <\/span><b>Ti\u00f3 de Nadal<\/b><span style=\"font-weight: 400;\">, ese tronco que \u201ccaga\u201d regalos a los ni\u00f1os, o el <\/span><b>pesebre popular<\/b><span style=\"font-weight: 400;\">, lleno de figuras tradicionales como el caganer.<\/span><\/p>\n<p><span style=\"font-weight: 400;\">Tambi\u00e9n en Navidad nos comemos el <\/span><b>rosc\u00f3n de reyes<\/b><span style=\"font-weight: 400;\">, celebrando los \u00faltimos d\u00edas de estas fechas tan se\u00f1aladas con la familia de la residencia.<\/span><\/p>\n<p><span style=\"font-weight: 400;\">As\u00ed, cada diciembre, organizamos con ellos talleres de manualidades para crear su propio pesebre, y m\u00e1s de uno recuerda con detalle c\u00f3mo, de ni\u00f1os, moldeaban las figuras con barro o las colocaban cuidadosamente con musgo recogido en el bosque. Son momentos que despiertan creatividad, pero tambi\u00e9n memoria afectiva.<\/span><\/p>\n<h3><span style=\"font-weight: 400;\">Narrar historias y an\u00e9cdotas<\/span><\/h3>\n<p><span style=\"font-weight: 400;\">Una manera de mantener despiertas las tradiciones familiares y la transmisi\u00f3n de valores es a trav\u00e9s de la <\/span><b>explicaci\u00f3n de diferentes historias y an\u00e9cdotas<\/b><span style=\"font-weight: 400;\"> que han podido vivir nuestros residentes o sus familias, haciendo as\u00ed que haya una aproximaci\u00f3n entre las generaciones pasadas a las nuevas.\u00a0<\/span><\/p>\n<p><span style=\"font-weight: 400;\">Hay personas mayores a quienes les gusta explicar diferentes historias de sus antepasados, de la infancia, y de experiencias personales que transmiten valores y ense\u00f1anzas familiares.\u00a0<\/span><\/p>\n<p><span style=\"font-weight: 400;\">De este modo tambi\u00e9n nos podemos hacer una idea de c\u00f3mo viv\u00edan antes nuestros familiares e incluso ver las diferencias generacionales en las diferentes tradiciones que se celebran en el d\u00eda de hoy.<\/span><\/p>\n<h3><span style=\"font-weight: 400;\">La cocina tradicional: un fest\u00edn de recuerdos<\/span><\/h3>\n<p><span style=\"font-weight: 400;\">El paladar tambi\u00e9n tiene memoria.\u00a0<\/span><\/p>\n<p><span style=\"font-weight: 400;\">La <\/span><a href=\"https:\/\/www.rubisocial.cat\/es\/2024\/07\/18\/cocina-interactiva-fomentando-creatividad-socializacion-habitos-saludables\/\"><span style=\"font-weight: 400;\">comida tradicional catalana<\/span><\/a><span style=\"font-weight: 400;\"> es una fuente inagotable de emociones para nuestros mayores. Platos como la <\/span><b>escudella i carn d\u2019olla, los canalons de Sant Esteve o la coca de Sant Joan<\/b><span style=\"font-weight: 400;\"> evocan celebraciones familiares, reuniones de domingo y olores que nos llevan de vuelta a la infancia.<\/span><\/p>\n<p><span style=\"font-weight: 400;\">En la residencia, intentamos <\/span><a href=\"https:\/\/www.rubisocial.cat\/es\/2025\/02\/27\/la-importancia-de-una-dieta-mediterranea-adaptada-a-personas-mayores\/\"><span style=\"font-weight: 400;\">incorporar men\u00fas tradicionales en las fechas se\u00f1aladas<\/span><\/a><span style=\"font-weight: 400;\">. Y cuando se puede, organizamos talleres de cocina donde los residentes comparten sus recetas, con ese \u00abtoque secreto\u00bb que solo ellos saben. Recuperar sabores es, tambi\u00e9n, recuperar identidad.<\/span><\/p>\n<h3><span style=\"font-weight: 400;\">Fiestas mayores: tradici\u00f3n y comunidad<\/span><\/h3>\n<p><span style=\"font-weight: 400;\">Las \u2018festes majors\u2019 son otro pilar. Aunque cada pueblo o barrio celebra la suya de manera distinta, hay elementos comunes como los <\/span><b>gegants, los castells y las gralles<\/b><span style=\"font-weight: 400;\">, que emocionan a nuestros mayores.<\/span><\/p>\n<p><span style=\"font-weight: 400;\">Aunque en la residencia no podamos vivirlas con la misma intensidad que en las plazas, s\u00ed que organizamos actividades tem\u00e1ticas, traemos grupos de m\u00fasica tradicional o hacemos visitas virtuales a fiestas emblem\u00e1ticas.\u00a0<\/span><\/p>\n<p><span style=\"font-weight: 400;\">Y los ojos de muchos residentes se iluminan al ver pasar un gegant por la pantalla o al escuchar una gralla.<\/span><\/p>\n<p><span style=\"font-weight: 400;\">Por ejemplo, <\/span><b>compartimos y celebramos las festividades de Rub\u00ed<\/b><span style=\"font-weight: 400;\">, saliendo a disfrutar del d\u00eda de San Pedro (son las fiestas mayores del pueblo) por el barrio.<\/span><\/p>\n<p><img decoding=\"async\" class=\"size-medium wp-image-1675 alignleft\" src=\"https:\/\/www.rubisocial.cat\/wp-content\/uploads\/2022\/01\/residente-jugando-domino-300x188.jpg\" alt=\"\" width=\"300\" height=\"188\" srcset=\"https:\/\/www.rubisocial.cat\/wp-content\/uploads\/2022\/01\/residente-jugando-domino-300x188.jpg 300w, https:\/\/www.rubisocial.cat\/wp-content\/uploads\/2022\/01\/residente-jugando-domino-768x480.jpg 768w, https:\/\/www.rubisocial.cat\/wp-content\/uploads\/2022\/01\/residente-jugando-domino-1024x640.jpg 1024w, https:\/\/www.rubisocial.cat\/wp-content\/uploads\/2022\/01\/residente-jugando-domino.jpg 3024w\" sizes=\"(max-width: 300px) 100vw, 300px\" \/><\/p>\n<h3><span style=\"font-weight: 400;\">El papel de las residencias: custodios de la memoria<\/span><\/h3>\n<p><span style=\"font-weight: 400;\">Las residencias de ancianos no son solo lugares de cuidados f\u00edsicos, tambi\u00e9n son espacios de cultura, de historia y de transmisi\u00f3n intergeneracional.\u00a0<\/span><\/p>\n<p><span style=\"font-weight: 400;\">En nuestro centro, creemos firmemente que <\/span><b>promover las tradiciones catalanas no es una actividad anecd\u00f3tica<\/b><span style=\"font-weight: 400;\">, sino parte esencial de nuestro compromiso con <\/span><b>el bienestar integral de cada residente.<\/b><\/p>\n<p><span style=\"font-weight: 400;\">Ayudamos a que estas costumbres sigan vivas, no solo como entretenimiento, sino como una <\/span><a href=\"https:\/\/www.rubisocial.cat\/es\/2024\/10\/25\/el-papel-del-humor-en-la-salud-mental-sesiones-de-risoterapia-y-sonrisas-diarias\/\"><span style=\"font-weight: 400;\">forma de reforzar la autoestima, la memoria y la alegr\u00eda de vivir.<\/span><\/a><\/p>\n<p><span style=\"font-weight: 400;\">En resumen, la celebraci\u00f3n de fechas importantes en nuestras familias es una forma magn\u00edfica de <\/span><b>mantener vivas las tradiciones y de transmitir valores<\/b><span style=\"font-weight: 400;\">.\u00a0<\/span><\/p>\n<p><span style=\"font-weight: 400;\">Celebrar juntas las fechas importantes, como Navidad o el D\u00eda de Todos los Santos, entre otros, nos lleva a fomentar la uni\u00f3n familiar y la transmisi\u00f3n de valores en nuestro entorno m\u00e1s pr\u00f3ximo y de nuestro d\u00eda a d\u00eda, tanto dentro como fuera de nuestra residencia.<\/span><\/p>\n","protected":false},"excerpt":{"rendered":"<p>La transmisi\u00f3n de valores y tradiciones catalanas en la tercera edad es una parte importante de la cultura y la [&hellip;]<\/p>\n","protected":false},"author":2,"featured_media":952,"comment_status":"closed","ping_status":"closed","sticky":false,"template":"","format":"standard","meta":{"_mi_skip_tracking":false,"_exactmetrics_sitenote_active":false,"_exactmetrics_sitenote_note":"","_exactmetrics_sitenote_category":0},"categories":[10],"tags":[68,186,277,278,279,280,281,282],"_links":{"self":[{"href":"https:\/\/www.rubisocial.cat\/es\/wp-json\/wp\/v2\/posts\/2610"}],"collection":[{"href":"https:\/\/www.rubisocial.cat\/es\/wp-json\/wp\/v2\/posts"}],"about":[{"href":"https:\/\/www.rubisocial.cat\/es\/wp-json\/wp\/v2\/types\/post"}],"author":[{"embeddable":true,"href":"https:\/\/www.rubisocial.cat\/es\/wp-json\/wp\/v2\/users\/2"}],"replies":[{"embeddable":true,"href":"https:\/\/www.rubisocial.cat\/es\/wp-json\/wp\/v2\/comments?post=2610"}],"version-history":[{"count":1,"href":"https:\/\/www.rubisocial.cat\/es\/wp-json\/wp\/v2\/posts\/2610\/revisions"}],"predecessor-version":[{"id":2616,"href":"https:\/\/www.rubisocial.cat\/es\/wp-json\/wp\/v2\/posts\/2610\/revisions\/2616"}],"wp:featuredmedia":[{"embeddable":true,"href":"https:\/\/www.rubisocial.cat\/es\/wp-json\/wp\/v2\/media\/952"}],"wp:attachment":[{"href":"https:\/\/www.rubisocial.cat\/es\/wp-json\/wp\/v2\/media?parent=2610"}],"wp:term":[{"taxonomy":"category","embeddable":true,"href":"https:\/\/www.rubisocial.cat\/es\/wp-json\/wp\/v2\/categories?post=2610"},{"taxonomy":"post_tag","embeddable":true,"href":"https:\/\/www.rubisocial.cat\/es\/wp-json\/wp\/v2\/tags?post=2610"}],"curies":[{"name":"wp","href":"https:\/\/api.w.org\/{rel}","templated":true}]}}