{"id":2815,"date":"2026-04-30T08:06:15","date_gmt":"2026-04-30T06:06:15","guid":{"rendered":"https:\/\/www.rubisocial.cat\/?p=2815"},"modified":"2026-04-30T08:06:15","modified_gmt":"2026-04-30T06:06:15","slug":"como-prevenir-la-soledad-en-personas-mayores","status":"publish","type":"post","link":"https:\/\/www.rubisocial.cat\/es\/2026\/04\/30\/como-prevenir-la-soledad-en-personas-mayores\/","title":{"rendered":"C\u00f3mo prevenir la soledad en personas mayores"},"content":{"rendered":"<p><span style=\"font-weight: 400;\">La longevidad es una de las caracter\u00edsticas de la poblaci\u00f3n espa\u00f1ola. De hecho, nuestro pa\u00eds es <\/span><a href=\"https:\/\/entremayores.es\/nacional\/espana-en-la-media-entre-los-referentes-europeos-en-longevidad-y-bienestar-en-la-vejez\/\" target=\"_blank\" rel=\"noopener\"><span style=\"font-weight: 400;\">uno de los referentes europeos en calidad de vida en la vejez<\/span><\/a><span style=\"font-weight: 400;\">. Sin embargo, aunque vivimos m\u00e1s a\u00f1os, no siempre lo hacemos acompa\u00f1ados. Cada vez hay m\u00e1s personas mayores que, a pesar de tener familia o recursos, pasan gran parte de su tiempo en soledad.<\/span><\/p>\n<p><span style=\"font-weight: 400;\">Cuando las personas disfrutan solas porque as\u00ed lo han elegido, no hay ning\u00fan problema. Sin embargo, en la mayor\u00eda de casos viven una soledad no deseada y esto impacta en sus vidas.<\/span><\/p>\n<p><span style=\"font-weight: 400;\">Sin ir m\u00e1s lejos, <\/span><a href=\"https:\/\/as.com\/actualidad\/ciencia\/los-cientificos-coinciden-esta-es-la-forma-en-la-que-soledad-afecta-a-las-personas-mayores-f202604-n\/\" target=\"_blank\" rel=\"noopener\"><span style=\"font-weight: 400;\">un estudio reciente revela que afecta a la memoria<\/span><\/a><span style=\"font-weight: 400;\">. En la misma l\u00ednea, otro<\/span><span style=\"font-weight: 400;\">\u00a0<\/span><a href=\"https:\/\/elobservatoriosocial.fundacionlacaixa.org\/es\/-\/la-soledad-no-deseada-en-las-personas-mayores\" target=\"_blank\" rel=\"noopener\"><span style=\"font-weight: 400;\">estudio de la Fundaci\u00f3n \u201cla Caixa\u201d<\/span><\/a><span style=\"font-weight: 400;\">, revela que el <\/span><b>64% de las personas mayores entrevistadas manifestaban sentir soledad no deseada<\/b><span style=\"font-weight: 400;\">.\u00a0<\/span><\/p>\n<p><span style=\"font-weight: 400;\">Adem\u00e1s, la edad avanzada es uno de los principales factores de riesgo.<\/span><\/p>\n<p><span style=\"font-weight: 400;\">Teniendo en cuenta la longevidad en Espa\u00f1a, la soledad no deseada es, sin duda, uno de los grandes retos que enfrentamos como sociedad. Para frenar esta situaci\u00f3n, hoy queremos abordar en nuestro blog <\/span><b>c\u00f3mo prevenir la soledad en personas mayores<\/b><span style=\"font-weight: 400;\">.\u00a0<\/span><\/p>\n<h2><b>Las consecuencias de la soledad en la tercera edad<\/b><\/h2>\n<p><span style=\"font-weight: 400;\">La soledad no deseada no es un problema menor.\u00a0<\/span><\/p>\n<p><span style=\"font-weight: 400;\">Como hemos mencionado, hay estudios que muestran su impacto en diferentes \u00e1mbitos de la vida. De hecho, afecta a nivel mental, emocional, f\u00edsico\u2026Vamos a verlo.\u00a0<\/span><\/p>\n<h3><span style=\"font-weight: 400;\">A nivel mental y cognitivo<\/span><\/h3>\n<p><span style=\"font-weight: 400;\">La falta de est\u00edmulos y de interacci\u00f3n social puede acelerar el deterioro cognitivo, afectar a la memoria y aumentar el riesgo de desarrollar enfermedades neurodegenerativas.<\/span><\/p>\n<h3><span style=\"font-weight: 400;\">A nivel emocional<\/span><\/h3>\n<p><span style=\"font-weight: 400;\">La soledad prolongada en el tiempo tambi\u00e9n puede generar tristeza, ansiedad, desmotivaci\u00f3n e incluso depresi\u00f3n. En ocasiones, al hacernos mayores, no tener trabajo y estar solos, sentimos que hemos perdido nuestro lugar en el mundo o que no formamos parte de nuestro entorno de forma m\u00e1s activa.<\/span><\/p>\n<h3><span style=\"font-weight: 400;\">A nivel f\u00edsico<\/span><\/h3>\n<p><span style=\"font-weight: 400;\">Las personas mayores que se sienten solas suelen ser m\u00e1s sedentarias, cuidarse menos y a presentar un peor estado de salud general.\u00a0<\/span><\/p>\n<p><span style=\"font-weight: 400;\">Sin alguien con quien salir a pasear, muchas veces reducen su actividad f\u00edsica diaria, lo que puede afectar a su movilidad y equilibrio.<\/span><\/p>\n<p><span style=\"font-weight: 400;\">Adem\u00e1s, en una edad en la que se suceden los olvidos o la memoria puede fallar, tambi\u00e9n pueden descuidar h\u00e1bitos como la alimentaci\u00f3n o el seguimiento de tratamientos m\u00e9dicos.\u00a0<\/span><\/p>\n<p><span style=\"font-weight: 400;\">En definitiva, en t\u00e9rminos generales, no relacionarse con otras personas les hace sentirse solos y, adem\u00e1s, hace que falten est\u00edmulos. Todo ello provoca la p\u00e9rdida de rutinas, menos participaci\u00f3n en actividades sociales y,\u00a0 todo, una sensaci\u00f3n de vac\u00edo constante y diario.\u00a0<\/span><\/p>\n<p><span style=\"font-weight: 400;\">Por todo ello, la soledad no deseada afecta a la persona en su conjunto, no solo a su estado de \u00e1nimo.<\/span><\/p>\n<p><b>Por qu\u00e9 aparece la soledad en las personas mayores (y c\u00f3mo podemos prevenirla)<\/b><\/p>\n<p><span style=\"font-weight: 400;\">Hay muchos motivos para explicar por qu\u00e9 una persona mayor puede sentirse sola. Los m\u00e1s habituales son:\u00a0<\/span><\/p>\n<ul>\n<li style=\"font-weight: 400;\" aria-level=\"1\"><span style=\"font-weight: 400;\">Vivir en solitario<\/span><\/li>\n<li style=\"font-weight: 400;\" aria-level=\"1\"><span style=\"font-weight: 400;\">La p\u00e9rdida de la pareja o de personas cercanas<\/span><\/li>\n<li style=\"font-weight: 400;\" aria-level=\"1\"><span style=\"font-weight: 400;\">La jubilaci\u00f3n y la p\u00e9rdida de rutinas<\/span><\/li>\n<li style=\"font-weight: 400;\" aria-level=\"1\"><span style=\"font-weight: 400;\">Problemas de salud o limitaciones f\u00edsicas<\/span><\/li>\n<li style=\"font-weight: 400;\" aria-level=\"1\"><span style=\"font-weight: 400;\">Una red social cada vez m\u00e1s reducida<\/span><\/li>\n<li style=\"font-weight: 400;\" aria-level=\"1\"><span style=\"font-weight: 400;\">Dificultades econ\u00f3micas<\/span><\/li>\n<\/ul>\n<p><span style=\"font-weight: 400;\">Todos estos factores pueden hacer que, poco a poco, la persona pierda su actividad social y deje de participar en el entorno.<\/span><\/p>\n<p><span style=\"font-weight: 400;\">La buena noticia es que <\/span><b>la soledad no deseada se puede prevenir<\/b><span style=\"font-weight: 400;\"> actuando a tiempo y con un entorno adecuado.\u00a0<\/span><\/p>\n<p><span style=\"font-weight: 400;\">Estas son algunas de las claves para prevenir la soledad:\u00a0<\/span><\/p>\n<ul>\n<li style=\"font-weight: 400;\" aria-level=\"1\"><span style=\"font-weight: 400;\">Mantener relaciones sociales activas<\/span><\/li>\n<li style=\"font-weight: 400;\" aria-level=\"1\"><span style=\"font-weight: 400;\">Fomentar el contacto con otras personas<\/span><\/li>\n<li style=\"font-weight: 400;\" aria-level=\"1\"><span style=\"font-weight: 400;\">Conocer y utilizar recursos sociales disponibles<\/span><\/li>\n<li style=\"font-weight: 400;\" aria-level=\"1\"><span style=\"font-weight: 400;\">Contar con entornos estimulantes que favorezcan la interacci\u00f3n<\/span><\/li>\n<\/ul>\n<p><span style=\"font-weight: 400;\">Y en este contexto, existen soluciones reales para poner remedio a la soledad no deseada tales como <\/span><a href=\"https:\/\/www.rubisocial.cat\/es\/2026\/03\/31\/centro-de-dia-personas-mayores-ventajas-funcionamiento\/\" target=\"_blank\" rel=\"noopener\"><b>centro de d\u00eda<\/b><\/a><span style=\"font-weight: 400;\"> o la <\/span><a href=\"https:\/\/www.rubisocial.cat\/es\/\" target=\"_blank\" rel=\"noopener\"><b>residencia para personas mayores<\/b><\/a><span style=\"font-weight: 400;\">.<\/span><\/p>\n<h2><b>Centro de d\u00eda y residencia: espacios para convivir, compartir y sentirse acompa\u00f1ado<\/b><\/h2>\n<p><span style=\"font-weight: 400;\">Despu\u00e9s de m\u00e1s de 25 a\u00f1os dedicados al cuidado de las personas, hemos visto en primera persona c\u00f3mo tanto las residencias como los centros de d\u00eda son espacios muy convenientes para prevenir y reducir la soledad en los mayores.<\/span><\/p>\n<p><span style=\"font-weight: 400;\">\u00bfPor qu\u00e9?\u00a0<\/span><\/p>\n<p><span style=\"font-weight: 400;\">Porque ofrecen algo fundamental en la conocida como tercera edad: <\/span><b>un entorno de convivencia y acompa\u00f1amiento diario<\/b><span style=\"font-weight: 400;\">.<\/span><\/p>\n<p><span style=\"font-weight: 400;\">En nuestras residencias y centro de d\u00eda, los mayores siempre tienen alguien con quien hablar, una actividad en la que participar o historias que compartir.<\/span><\/p>\n<p><span style=\"font-weight: 400;\">Son entornos con vida donde los residentes sienten que forman parte de una comunidad.<\/span><\/p>\n<h3><b>Un entorno que favorece las relaciones<\/b><\/h3>\n<p><span style=\"font-weight: 400;\">En el d\u00eda a d\u00eda de un centro de d\u00eda o una residencia:<\/span><\/p>\n<ul>\n<li style=\"font-weight: 400;\" aria-level=\"1\"><span style=\"font-weight: 400;\">Promovemos rutinas compartidas a trav\u00e9s de horarios y actividades<\/span><\/li>\n<li style=\"font-weight: 400;\" aria-level=\"1\"><span style=\"font-weight: 400;\">Celebramos fechas importantes (cumplea\u00f1os, fiestas, tradiciones\u2026)<\/span><\/li>\n<li style=\"font-weight: 400;\" aria-level=\"1\"><span style=\"font-weight: 400;\">Surgen conversaciones e interacciones de forma natural<\/span><\/li>\n<li style=\"font-weight: 400;\" aria-level=\"1\"><span style=\"font-weight: 400;\">Se crean nuevas amistades<\/span><\/li>\n<\/ul>\n<p><span style=\"font-weight: 400;\">Adem\u00e1s, fomentamos la relaci\u00f3n con las familias con eventos, celebraciones y actividades abiertas e impulsamos iniciativas intergeneracionales con escuelas o entidades de nuestro entorno: Rub\u00ed.<\/span><\/p>\n<p><span style=\"font-weight: 400;\">Todo ello contribuye a generar un <\/span><b>sentimiento de pertenencia<\/b><span style=\"font-weight: 400;\">, clave para el bienestar emocional.<\/span><\/p>\n<h3><b>Acompa\u00f1amiento profesional continuo<\/b><\/h3>\n<p><span style=\"font-weight: 400;\">Otro aspecto fundamental tanto en el centro de d\u00eda como en la residencia es la presencia de un equipo de profesionales que cuidan y <\/span><b>acompa\u00f1an<\/b><span style=\"font-weight: 400;\">.<\/span><\/p>\n<p><span style=\"font-weight: 400;\">Nuestro equipo se encarga de detectar posibles necesidades emocionales, prevenir situaciones de aislamiento y fomentar la participaci\u00f3n. Adem\u00e1s, se establecen relaciones humanas muy estrechas donde los profesionales se convierten en personas que apoyan el d\u00eda a d\u00eda de los mayores. En consecuencia<\/span><span style=\"font-weight: 400;\">a, este acompa\u00f1amiento es clave para intervenir a tiempo y evitar que la soledad se cronifique.<\/span><\/p>\n<p><span style=\"font-weight: 400;\">A la hora de poner freno a la soledad no deseada, no existe una \u00fanica respuesta para todas las personas. Dependiendo de la situaci\u00f3n, el centro de d\u00eda o la residencia pueden ser la mejor opci\u00f3n:<\/span><\/p>\n<ul>\n<li style=\"font-weight: 400;\" aria-level=\"1\"><span style=\"font-weight: 400;\">El <\/span><b>centro de d\u00eda<\/b><span style=\"font-weight: 400;\"> permite mantener la vida en casa mientras se evita el aislamiento durante el d\u00eda.<\/span><\/li>\n<li style=\"font-weight: 400;\" aria-level=\"1\"><span style=\"font-weight: 400;\">La <\/span><b>residencia<\/b><span style=\"font-weight: 400;\"> ofrece un entorno de convivencia continuada, ideal cuando se necesita m\u00e1s apoyo o cuando la soledad es m\u00e1s intensa.<\/span><\/li>\n<\/ul>\n<p><span style=\"font-weight: 400;\">En cualquier caso, lo importante es adaptar la soluci\u00f3n a la realidad de cada persona y actuar antes de que la soledad tenga un impacto mayor.<\/span><\/p>\n<p><b>Prevenir la soledad es cuidar de verdad<\/b><\/p>\n<p><span style=\"font-weight: 400;\">Cuidar de una persona mayor no es solo atender sus necesidades f\u00edsicas. Es tambi\u00e9n acompa\u00f1arla, escucharla y ofrecerle un entorno donde pueda sentirse parte de algo.<\/span><\/p>\n<p><span style=\"font-weight: 400;\">Hemos visto c\u00f3mo la soledad no deseada es uno de los grandes retos de nuestra sociedad, pero tambi\u00e9n es un problema que tiene soluci\u00f3n.<\/span><\/p>\n<p><span style=\"font-weight: 400;\">Crear espacios de convivencia como los que hay en El Cel De Rub\u00ed, fomentar las relaciones y garantizar el acompa\u00f1amiento diario es una de las mejores formas de mejorar la calidad de vida de las personas mayores.<\/span><\/p>\n<p><span style=\"font-weight: 400;\">Somos seres humanos y, por naturaleza, todos necesitamos lo mismo: sentirnos acompa\u00f1ados.<\/span><\/p>\n","protected":false},"excerpt":{"rendered":"<p>La longevidad es una de las caracter\u00edsticas de la poblaci\u00f3n espa\u00f1ola. De hecho, nuestro pa\u00eds es uno de los referentes [&hellip;]<\/p>\n","protected":false},"author":2,"featured_media":2353,"comment_status":"closed","ping_status":"closed","sticky":false,"template":"","format":"standard","meta":{"_exactmetrics_skip_tracking":false,"_exactmetrics_sitenote_active":false,"_exactmetrics_sitenote_note":"","_exactmetrics_sitenote_category":0,"footnotes":""},"categories":[139],"tags":[52,69,330,335],"class_list":["post-2815","post","type-post","status-publish","format-standard","has-post-thumbnail","hentry","category-cuidado-de-los-mayores","tag-personas-mayores","tag-residencia","tag-centro-de-dia","tag-soledad"],"_links":{"self":[{"href":"https:\/\/www.rubisocial.cat\/es\/wp-json\/wp\/v2\/posts\/2815","targetHints":{"allow":["GET"]}}],"collection":[{"href":"https:\/\/www.rubisocial.cat\/es\/wp-json\/wp\/v2\/posts"}],"about":[{"href":"https:\/\/www.rubisocial.cat\/es\/wp-json\/wp\/v2\/types\/post"}],"author":[{"embeddable":true,"href":"https:\/\/www.rubisocial.cat\/es\/wp-json\/wp\/v2\/users\/2"}],"replies":[{"embeddable":true,"href":"https:\/\/www.rubisocial.cat\/es\/wp-json\/wp\/v2\/comments?post=2815"}],"version-history":[{"count":1,"href":"https:\/\/www.rubisocial.cat\/es\/wp-json\/wp\/v2\/posts\/2815\/revisions"}],"predecessor-version":[{"id":2819,"href":"https:\/\/www.rubisocial.cat\/es\/wp-json\/wp\/v2\/posts\/2815\/revisions\/2819"}],"wp:featuredmedia":[{"embeddable":true,"href":"https:\/\/www.rubisocial.cat\/es\/wp-json\/wp\/v2\/media\/2353"}],"wp:attachment":[{"href":"https:\/\/www.rubisocial.cat\/es\/wp-json\/wp\/v2\/media?parent=2815"}],"wp:term":[{"taxonomy":"category","embeddable":true,"href":"https:\/\/www.rubisocial.cat\/es\/wp-json\/wp\/v2\/categories?post=2815"},{"taxonomy":"post_tag","embeddable":true,"href":"https:\/\/www.rubisocial.cat\/es\/wp-json\/wp\/v2\/tags?post=2815"}],"curies":[{"name":"wp","href":"https:\/\/api.w.org\/{rel}","templated":true}]}}